{"id":2380,"date":"2021-06-18T10:43:00","date_gmt":"2021-06-18T10:43:00","guid":{"rendered":"https:\/\/ccinnovation.pl\/?p=2380"},"modified":"2021-06-18T10:43:19","modified_gmt":"2021-06-18T10:43:19","slug":"zespol-ccinnovation-prowadzil-zajecia-w-ramach-pactt-pfizer-academy","status":"publish","type":"post","link":"https:\/\/ccinnovation.pl\/?p=2380","title":{"rendered":"Zesp\u00f3\u0142 CCInnovation prowadzi\u0142 zaj\u0119cia w ramach PACTT Pfizer Academy"},"content":{"rendered":"<div><img loading=\"lazy\" decoding=\"async\" class=\"aligncenter wp-image-2377 size-full\" src=\"https:\/\/ccinnovation.pl\/wp-content\/uploads\/2021\/06\/pactt_pfizer_academy_logo_400.jpg\" alt=\"\" width=\"883\" height=\"400\" srcset=\"https:\/\/ccinnovation.pl\/wp-content\/uploads\/2021\/06\/pactt_pfizer_academy_logo_400.jpg 883w, https:\/\/ccinnovation.pl\/wp-content\/uploads\/2021\/06\/pactt_pfizer_academy_logo_400-300x136.jpg 300w, https:\/\/ccinnovation.pl\/wp-content\/uploads\/2021\/06\/pactt_pfizer_academy_logo_400-768x348.jpg 768w, https:\/\/ccinnovation.pl\/wp-content\/uploads\/2021\/06\/pactt_pfizer_academy_logo_400-480x217.jpg 480w, https:\/\/ccinnovation.pl\/wp-content\/uploads\/2021\/06\/pactt_pfizer_academy_logo_400-410x186.jpg 410w, https:\/\/ccinnovation.pl\/wp-content\/uploads\/2021\/06\/pactt_pfizer_academy_logo_400-100x45.jpg 100w, https:\/\/ccinnovation.pl\/wp-content\/uploads\/2021\/06\/pactt_pfizer_academy_logo_400-275x125.jpg 275w\" sizes=\"auto, (max-width: 883px) 100vw, 883px\" \/><\/div>\n<div><\/div>\n<div>Mamy ogromn\u0105 przyjemno\u015b\u0107 poinformowa\u0107 o naszym udziale w ramach innowacyjnej PACTT\u00a0Pfizer Academy organizowanej przez PACTT &#8211; Porozumienie Akademickich Centr\u00f3w Transferu Technologii. W miniony weekend Akademia zako\u0144czy\u0142a si\u0119, a mieli\u015bmy przyjemno\u015b\u0107 rozpoczyna\u0107 j\u0105 w lutym blokiem zaj\u0119\u0107 o wp\u0142ywie spo\u0142ecznym i skutecznym komunikowaniu si\u0119, a zako\u0144czyli\u015bmy udzia\u0142em w ostatnim bloku zaj\u0119\u0107 ucz\u0105c o budowaniu zespo\u0142\u00f3w i tworz\u0105c okazj\u0119 do do\u015bwiadczenie tw\u00f3rczego zespo\u0142owego planowania.<\/p>\n<p>\u017byczymy uczestnikom PACCT-Pfizer Academy udanych projekt\u00f3w i komercjalizacji. I dzi\u0119kujemy za zaproszenie organizatorom PACTT &#8211; Porozumienie Akademickich Centr\u00f3w Transferu Technologii oraz gronu Rady Programowej reprezentowanego przez: Anna Kowalczuk, dr hab. Agnieszka Zag\u00f3rska, Micha\u0142 Sobczyk, dr Urlich Zuegel, dr Bogdan Lang, dr Joanna Lipner, dr Stanislaw Pikul<br \/>\noraz w kt\u00f3rej sk\u0142adzie by\u0142a dr hab. Miros\u0142awa Huflejt-\u0141ukasik.<\/p><\/div>\n<div><\/div>\n<div><a href=\"https:\/\/www.linkedin.com\/feed\/update\/urn:li:activity:6811233831484502016\">Zapraszamy te\u017c do obejrzenia wideo gdzie opowiadamy o wk\u0142adzie CC Innovation w Akademi\u0119.<\/a><\/div>\n<div><\/div>\n<div><\/div>\n","protected":false},"excerpt":{"rendered":"<p>Mamy ogromn\u0105 przyjemno\u015b\u0107 poinformowa\u0107 o naszym udziale w ramach innowacyjnej PACTT\u00a0Pfizer Academy organizowanej przez PACTT &#8211; Porozumienie Akademickich Centr\u00f3w Transferu Technologii. W miniony weekend Akademia zako\u0144czy\u0142a si\u0119, a mieli\u015bmy przyjemno\u015b\u0107 rozpoczyna\u0107 j\u0105 w lutym blokiem zaj\u0119\u0107 o wp\u0142ywie spo\u0142ecznym i skutecznym komunikowaniu si\u0119, a zako\u0144czyli\u015bmy udzia\u0142em w ostatnim bloku zaj\u0119\u0107 ucz\u0105c o budowaniu zespo\u0142\u00f3w i [&hellip;]<\/p>\n","protected":false},"author":1,"featured_media":2377,"comment_status":"closed","ping_status":"closed","sticky":false,"template":"","format":"standard","meta":{"footnotes":""},"categories":[22],"tags":[246,251,248,252,247,253,249,254,250],"class_list":["post-2380","post","type-post","status-publish","format-standard","has-post-thumbnail","hentry","category-newsy","tag-akademia","tag-budowaniezespolu","tag-centrumtransferutechnologii","tag-komunikacja","tag-pactt","tag-skutecznakomunikacja","tag-warsztaty","tag-wplywspoleczny","tag-zespol"],"_links":{"self":[{"href":"https:\/\/ccinnovation.pl\/index.php?rest_route=\/wp\/v2\/posts\/2380","targetHints":{"allow":["GET"]}}],"collection":[{"href":"https:\/\/ccinnovation.pl\/index.php?rest_route=\/wp\/v2\/posts"}],"about":[{"href":"https:\/\/ccinnovation.pl\/index.php?rest_route=\/wp\/v2\/types\/post"}],"author":[{"embeddable":true,"href":"https:\/\/ccinnovation.pl\/index.php?rest_route=\/wp\/v2\/users\/1"}],"replies":[{"embeddable":true,"href":"https:\/\/ccinnovation.pl\/index.php?rest_route=%2Fwp%2Fv2%2Fcomments&post=2380"}],"version-history":[{"count":1,"href":"https:\/\/ccinnovation.pl\/index.php?rest_route=\/wp\/v2\/posts\/2380\/revisions"}],"predecessor-version":[{"id":2381,"href":"https:\/\/ccinnovation.pl\/index.php?rest_route=\/wp\/v2\/posts\/2380\/revisions\/2381"}],"wp:featuredmedia":[{"embeddable":true,"href":"https:\/\/ccinnovation.pl\/index.php?rest_route=\/wp\/v2\/media\/2377"}],"wp:attachment":[{"href":"https:\/\/ccinnovation.pl\/index.php?rest_route=%2Fwp%2Fv2%2Fmedia&parent=2380"}],"wp:term":[{"taxonomy":"category","embeddable":true,"href":"https:\/\/ccinnovation.pl\/index.php?rest_route=%2Fwp%2Fv2%2Fcategories&post=2380"},{"taxonomy":"post_tag","embeddable":true,"href":"https:\/\/ccinnovation.pl\/index.php?rest_route=%2Fwp%2Fv2%2Ftags&post=2380"}],"curies":[{"name":"wp","href":"https:\/\/api.w.org\/{rel}","templated":true}]}}